{"id":6295,"date":"2022-12-06T22:23:41","date_gmt":"2022-12-06T22:23:41","guid":{"rendered":"https:\/\/energiaindustriacomercio.com\/?p=6295"},"modified":"2022-12-06T22:23:41","modified_gmt":"2022-12-06T22:23:41","slug":"sendas-energeticas-sostenibles-para-america-latina-y-el-caribe","status":"publish","type":"post","link":"https:\/\/energiaindustriacomercio.com\/en\/2022\/12\/06\/sendas-energeticas-sostenibles-para-america-latina-y-el-caribe\/","title":{"rendered":"Sendas energ\u00e9ticas sostenibles para Am\u00e9rica Latina y el Caribe"},"content":{"rendered":"<h2><strong><em>La Divisi\u00f3n de Energ\u00eda present\u00f3 durante la COP27 su trabajo en apoyo a la reconstrucci\u00f3n de infraestructura m\u00e1s resiliente ante crecientes impactos del cambio clim\u00e1tico<\/em><\/strong><\/h2>\n<p>Am\u00e9rica Latina y el Caribe es una de las regiones m\u00e1s afectadas por los impactos y las consecuencias del cambio clim\u00e1tico. A pesar de su baja contribuci\u00f3n a los gases de efecto invernadero, los pa\u00edses del Caribe y con costas caribe\u00f1as se ven severamente afectados por desastres naturales que ocurren al menos una o dos veces al a\u00f1o.\u00a0<a id=\"_ftnref1\" href=\"https:\/\/blogs.iadb.org\/energia\/es\/invertir-en-el-caribe-resiliencia-e-infraestructura\/#_ftn1\">[1]<\/a>\u00a0Por ejemplo, entre 2000 y 2019, 330 tormentas afectaron el Caribe.\u00a0De estas, 181 fueron huracanes, 23 de ellos categor\u00eda 5 y estos \u00faltimas impactaron a 34 millones de personas.<\/p>\n<p>Estos desastres han causado desplazamientos de miles de personas, interrupciones en el suministro del servicio de electricidad y p\u00e9rdida de infraestructuras cr\u00edticas, entre otros, las cuales resultan en da\u00f1os econ\u00f3micos estimados en miles de millones de d\u00f3lares.<\/p>\n<h2><strong>Los impactos del cambio clim\u00e1tico se evidencian no son solo en eventos clim\u00e1ticos extremos<\/strong><\/h2>\n<p>De acuerdo con el\u00a0<a href=\"https:\/\/www.ipcc.ch\/site\/assets\/uploads\/sites\/2\/2019\/09\/IPCC-Special-Report-1.5-SPM_es.pdf\">IPCC<\/a>, la temperatura promedio en la regi\u00f3n ha aumentado entre 0,1 \u00b0C y 0,2 \u00b0C por d\u00e9cada durante los \u00faltimos 30 a\u00f1os. Adem\u00e1s, el aumento del nivel del mar se ha producido a un ritmo de entre dos y cuatro cent\u00edmetros por d\u00e9cada durante los \u00faltimos 33 a\u00f1os. Estas dos tendencias generan riesgos para los recursos de agua dulce de la regi\u00f3n y para su poblaci\u00f3n costera, la cual depende en gran medida del turismo y la agricultura.<br \/>\nEn este contexto, la planificaci\u00f3n y construcci\u00f3n de infraestructura resiliente es una prioridad, a fin de adaptar a la regi\u00f3n a un futuro con mayor incertidumbre, con eventos clim\u00e1ticos m\u00e1s frecuentes y de mayor intensidad y con estr\u00e9s h\u00eddrico y afectaciones costeras.\u00a0 Si bien este panorama no es nuevo, se deben tomar en cuenta 4 aspectos principales:<\/p>\n<ol type=\"1\">\n<li>La infraestructura resiliente en muchos casos tiene costos de inversi\u00f3n mas altos que la infraestructura no resiliente, pero los beneficios generados por la disminuci\u00f3n de p\u00e9rdidas econ\u00f3micas por desastres y reconstrucci\u00f3n son mucho mayores.\u00a0 Desde una perspectiva de planificaci\u00f3n, la infraestructura resiliente es econ\u00f3micamente viable.<\/li>\n<li>El financiamiento en infraestructura el\u00e9ctrica resiliente al cambio clim\u00e1tico es clave. Sin embargo, presenta desaf\u00edos en virtud de los espacios fiscales actuales en las regiones m\u00e1s afectadas.<\/li>\n<li>La recuperaci\u00f3n de los costos de las inversiones solo a trav\u00e9s de las tarifas el\u00e9ctricas no ser\u00e1 suficiente. La regulaci\u00f3n necesita una mirada m\u00e1s comprehensiva para atender la resiliencia.<\/li>\n<li>Los seguros contra desastres naturales son limitados o costosos, por lo que es necesario acelerar el desarrollo de nuevos instrumentos, que se adapten al contexto actual.<\/li>\n<\/ol>\n<h2><strong>El BID ha agregado valor en el Caribe como un socio importante en la adaptaci\u00f3n y mitigaci\u00f3n del cambio clim\u00e1tico en la regi\u00f3n y en el acceso a energ\u00eda<\/strong><\/h2>\n<p>Durante la COP27, discutimos sobre algunos iniciativas y proyectos espec\u00edficos en los que el BID ha demostrado liderazgo en la planificaci\u00f3n y financiamiento de infraestructura el\u00e9ctrica resiliente para el Caribe. Por ejemplo, hemos apoyado el desarrollo de un plan de resiliencia para el Caribe que ha permitido demostrar la viabilidad econ\u00f3mica de la infraestructura resiliente que, a pesar de costar el doble (en el an\u00e1lisis realizado), genera ahorros por m\u00e1s de US$4 mil millones en el periodo analizado (2020-2040), en da\u00f1os y reconstrucci\u00f3n.<\/p>\n<figure class=\"wp-block-image size-full is-resized\"><img loading=\"lazy\" decoding=\"async\" class=\"wp-image-6793\" src=\"https:\/\/blogs.iadb.org\/energia\/wp-content\/uploads\/sites\/16\/2022\/12\/Picture1-1.jpg\" alt=\"\" width=\"840\" height=\"555\" \/><figcaption>Minired en Corn Island, Nicaragua<br \/>\n<em>En el caso de Corn Island, en Nicaragua, en 2019 se instal\u00f3 una minired que consiste en un sistema de generaci\u00f3n hibrida de energ\u00eda solar fotovoltaica, almacenamiento de energ\u00eda y generaci\u00f3n t\u00e9rmica de di\u00e9sel. Esta logr\u00f3 la reducci\u00f3n del consumo de di\u00e9sel en 60%, con relaci\u00f3n a l\u00ednea base por mayor eficiencia de grupos electr\u00f3genos y sistema de manejo de energ\u00eda, as\u00ed como la tarifa el\u00e9ctrica para los clientes en un 27% en promedio. Ha soportado exitosamente 3 huracanes. ETA e IOTA en noviembre 2020; y el Hurac\u00e1n Julia en octubre 2022<\/em><\/figcaption><\/figure>\n<p>Asimismo, a trav\u00e9s del apoyo del BID, los gobiernos de las islas del Caribe y regiones costeras han podido reconstruir r\u00e1pidamente cuando ocurren eventos y desastres naturales. Este apoyo se ha dado combinando prestamos de contingencia ante desastres para la recuperaci\u00f3n inmediata y financiamiento en condiciones concesionales para una reconstrucci\u00f3n resiliente a mediano plazo.<\/p>\n<figure class=\"wp-block-image size-full\"><img loading=\"lazy\" decoding=\"async\" class=\"wp-image-6784\" src=\"https:\/\/blogs.iadb.org\/energia\/wp-content\/uploads\/sites\/16\/2022\/11\/shutterstock_1573581157.jpg\" alt=\"\" width=\"1000\" height=\"678\" \/><figcaption><em>En septiembre de 2019, el hurac\u00e1n Dorian se convirti\u00f3 en el hurac\u00e1n atl\u00e1ntico m\u00e1s poderoso en impactar directamente una masa de tierra registrada. Solo en las Bahamas, elimin\u00f3 m\u00e1s de 200 millones de d\u00f3lares en infraestructura del sector el\u00e9ctrico. El BID se dio cuenta de que mantener las luces encendidas era la prioridad<\/em>.\u00a0<em>Emitimos un pr\u00e9stamo contingente de US$100M, de los cuales US$16M financiaron las necesidades energ\u00e9ticas<\/em>, as\u00ed como el\u00a0<em>primer fondo de cobertura de combustible para asegurar una soluci\u00f3n asequible de cobertura de petr\u00f3leo crudo y proteger las finanzas de la empresa de servicios p\u00fablicos estatal contra los movimientos del precio del petr\u00f3leo.<\/em>\u00a0<em>Junto a esa prioridad a corto plazo, elaboramos una estrategia a mediano y largo plazo que se centr\u00f3 en abordar la diversificaci\u00f3n energ\u00e9tica mediante el avance de las opciones de energ\u00eda renovable.<\/em><\/figcaption><\/figure>\n<p>Para conocer m\u00e1s sobre esta iniciativa, le invitamos a ver el video a continuaci\u00f3n en el que discutimos sobre estas y otras iniciativas en conjunto con participantes de otras agencias.<\/p>\n","protected":false},"excerpt":{"rendered":"<p>La Divisi\u00f3n de Energ\u00eda present\u00f3 durante la COP27 su trabajo en apoyo a la reconstrucci\u00f3n de infraestructura m\u00e1s resiliente ante crecientes impactos del cambio clim\u00e1tico Am\u00e9rica Latina y el Caribe es una de las regiones m\u00e1s afectadas por los impactos y las consecuencias del cambio clim\u00e1tico. A pesar de su baja contribuci\u00f3n a los gases [&hellip;]<\/p>\n","protected":false},"author":16,"featured_media":6296,"comment_status":"open","ping_status":"open","sticky":false,"template":"","format":"standard","meta":{"_acf_changed":false,"_monsterinsights_skip_tracking":false,"_monsterinsights_sitenote_active":false,"_monsterinsights_sitenote_note":"","_monsterinsights_sitenote_category":0,"footnotes":""},"categories":[291],"tags":[],"class_list":["post-6295","post","type-post","status-publish","format-standard","has-post-thumbnail","hentry","category-energia-renovable"],"acf":[],"yoast_head":"<!-- This site is optimized with the Yoast SEO plugin v27.5 - https:\/\/yoast.com\/product\/yoast-seo-wordpress\/ -->\n<title>Sendas energ\u00e9ticas sostenibles para Am\u00e9rica Latina y el Caribe - Energ\u00eda, Industria, Comercio y Miner\u00eda<\/title>\n<meta name=\"robots\" content=\"index, follow, max-snippet:-1, max-image-preview:large, max-video-preview:-1\" \/>\n<link rel=\"canonical\" href=\"https:\/\/energiaindustriacomercio.com\/en\/2022\/12\/06\/sendas-energeticas-sostenibles-para-america-latina-y-el-caribe\/\" \/>\n<meta property=\"og:locale\" content=\"en_US\" \/>\n<meta property=\"og:type\" content=\"article\" \/>\n<meta property=\"og:title\" content=\"Sendas energ\u00e9ticas sostenibles para Am\u00e9rica Latina y el Caribe - Energ\u00eda, Industria, Comercio y Miner\u00eda\" \/>\n<meta property=\"og:description\" content=\"La Divisi\u00f3n de Energ\u00eda present\u00f3 durante la COP27 su trabajo en apoyo a la reconstrucci\u00f3n de infraestructura m\u00e1s resiliente ante crecientes impactos del cambio clim\u00e1tico Am\u00e9rica Latina y el Caribe es una de las regiones m\u00e1s afectadas por los impactos y las consecuencias del cambio clim\u00e1tico. A pesar de su baja contribuci\u00f3n a los gases [&hellip;]\" \/>\n<meta property=\"og:url\" content=\"https:\/\/energiaindustriacomercio.com\/en\/2022\/12\/06\/sendas-energeticas-sostenibles-para-america-latina-y-el-caribe\/\" \/>\n<meta property=\"og:site_name\" content=\"Energ\u00eda, Industria, Comercio y Miner\u00eda\" \/>\n<meta property=\"article:published_time\" content=\"2022-12-06T22:23:41+00:00\" \/>\n<meta property=\"og:image\" content=\"https:\/\/energiaindustriacomercio.com\/wp-content\/uploads\/sites\/78\/2022\/12\/1-1.jpg\" \/>\n\t<meta property=\"og:image:width\" content=\"1000\" \/>\n\t<meta property=\"og:image:height\" content=\"667\" \/>\n\t<meta property=\"og:image:type\" content=\"image\/jpeg\" \/>\n<meta name=\"author\" content=\"Redacci\u00f3n Multimedios\" \/>\n<meta name=\"twitter:card\" content=\"summary_large_image\" \/>\n<meta name=\"twitter:creator\" content=\"@EMdelosNEGOCIOS\" \/>\n<meta name=\"twitter:label1\" content=\"Written by\" \/>\n\t<meta name=\"twitter:data1\" content=\"Redacci\u00f3n Multimedios\" \/>\n\t<meta name=\"twitter:label2\" content=\"Est. reading time\" \/>\n\t<meta name=\"twitter:data2\" content=\"5 minutes\" \/>\n<script type=\"application\/ld+json\" class=\"yoast-schema-graph\">{\"@context\":\"https:\\\/\\\/schema.org\",\"@graph\":[{\"@type\":\"Article\",\"@id\":\"https:\\\/\\\/energiaindustriacomercio.com\\\/2022\\\/12\\\/06\\\/sendas-energeticas-sostenibles-para-america-latina-y-el-caribe\\\/#article\",\"isPartOf\":{\"@id\":\"https:\\\/\\\/energiaindustriacomercio.com\\\/2022\\\/12\\\/06\\\/sendas-energeticas-sostenibles-para-america-latina-y-el-caribe\\\/\"},\"author\":{\"name\":\"Redacci\u00f3n Multimedios\",\"@id\":\"https:\\\/\\\/energiaindustriacomercio.com\\\/#\\\/schema\\\/person\\\/20537348e4a779400f65bacd515f5e98\"},\"headline\":\"Sendas energ\u00e9ticas sostenibles para Am\u00e9rica Latina y el Caribe\",\"datePublished\":\"2022-12-06T22:23:41+00:00\",\"mainEntityOfPage\":{\"@id\":\"https:\\\/\\\/energiaindustriacomercio.com\\\/2022\\\/12\\\/06\\\/sendas-energeticas-sostenibles-para-america-latina-y-el-caribe\\\/\"},\"wordCount\":953,\"commentCount\":0,\"image\":{\"@id\":\"https:\\\/\\\/energiaindustriacomercio.com\\\/2022\\\/12\\\/06\\\/sendas-energeticas-sostenibles-para-america-latina-y-el-caribe\\\/#primaryimage\"},\"thumbnailUrl\":\"https:\\\/\\\/energiaindustriacomercio.com\\\/wp-content\\\/uploads\\\/sites\\\/78\\\/2022\\\/12\\\/1-1.jpg\",\"articleSection\":[\"Energ\u00eda Renovable\"],\"inLanguage\":\"en-US\",\"potentialAction\":[{\"@type\":\"CommentAction\",\"name\":\"Comment\",\"target\":[\"https:\\\/\\\/energiaindustriacomercio.com\\\/2022\\\/12\\\/06\\\/sendas-energeticas-sostenibles-para-america-latina-y-el-caribe\\\/#respond\"]}]},{\"@type\":\"WebPage\",\"@id\":\"https:\\\/\\\/energiaindustriacomercio.com\\\/en\\\/2022\\\/12\\\/06\\\/sendas-energeticas-sostenibles-para-america-latina-y-el-caribe\\\/\",\"url\":\"https:\\\/\\\/energiaindustriacomercio.com\\\/en\\\/2022\\\/12\\\/06\\\/sendas-energeticas-sostenibles-para-america-latina-y-el-caribe\\\/\",\"name\":\"Sendas energ\u00e9ticas sostenibles para Am\u00e9rica Latina y el Caribe - Energ\u00eda, Industria, Comercio y Miner\u00eda\",\"isPartOf\":{\"@id\":\"https:\\\/\\\/energiaindustriacomercio.com\\\/en\\\/#website\"},\"primaryImageOfPage\":{\"@id\":\"https:\\\/\\\/energiaindustriacomercio.com\\\/en\\\/2022\\\/12\\\/06\\\/sendas-energeticas-sostenibles-para-america-latina-y-el-caribe\\\/#primaryimage\"},\"image\":{\"@id\":\"https:\\\/\\\/energiaindustriacomercio.com\\\/2022\\\/12\\\/06\\\/sendas-energeticas-sostenibles-para-america-latina-y-el-caribe\\\/#primaryimage\"},\"thumbnailUrl\":\"https:\\\/\\\/energiaindustriacomercio.com\\\/wp-content\\\/uploads\\\/sites\\\/78\\\/2022\\\/12\\\/1-1.jpg\",\"datePublished\":\"2022-12-06T22:23:41+00:00\",\"author\":{\"@id\":\"https:\\\/\\\/energiaindustriacomercio.com\\\/#\\\/schema\\\/person\\\/20537348e4a779400f65bacd515f5e98\"},\"breadcrumb\":{\"@id\":\"https:\\\/\\\/energiaindustriacomercio.com\\\/en\\\/2022\\\/12\\\/06\\\/sendas-energeticas-sostenibles-para-america-latina-y-el-caribe\\\/#breadcrumb\"},\"inLanguage\":\"en-US\",\"potentialAction\":[{\"@type\":\"ReadAction\",\"target\":[[\"https:\\\/\\\/energiaindustriacomercio.com\\\/en\\\/2022\\\/12\\\/06\\\/sendas-energeticas-sostenibles-para-america-latina-y-el-caribe\\\/\"]]}]},{\"@type\":\"ImageObject\",\"inLanguage\":\"en-US\",\"@id\":\"https:\\\/\\\/energiaindustriacomercio.com\\\/en\\\/2022\\\/12\\\/06\\\/sendas-energeticas-sostenibles-para-america-latina-y-el-caribe\\\/#primaryimage\",\"url\":\"https:\\\/\\\/energiaindustriacomercio.com\\\/wp-content\\\/uploads\\\/sites\\\/78\\\/2022\\\/12\\\/1-1.jpg\",\"contentUrl\":\"https:\\\/\\\/energiaindustriacomercio.com\\\/wp-content\\\/uploads\\\/sites\\\/78\\\/2022\\\/12\\\/1-1.jpg\",\"width\":1000,\"height\":667},{\"@type\":\"BreadcrumbList\",\"@id\":\"https:\\\/\\\/energiaindustriacomercio.com\\\/en\\\/2022\\\/12\\\/06\\\/sendas-energeticas-sostenibles-para-america-latina-y-el-caribe\\\/#breadcrumb\",\"itemListElement\":[{\"@type\":\"ListItem\",\"position\":1,\"name\":\"Portada\",\"item\":\"https:\\\/\\\/energiaindustriacomercio.com\\\/en\\\/\"},{\"@type\":\"ListItem\",\"position\":2,\"name\":\"Sendas energ\u00e9ticas sostenibles para Am\u00e9rica Latina y el Caribe\"}]},{\"@type\":\"WebSite\",\"@id\":\"https:\\\/\\\/energiaindustriacomercio.com\\\/en\\\/#website\",\"url\":\"https:\\\/\\\/energiaindustriacomercio.com\\\/en\\\/\",\"name\":\"Energ\u00eda, Industria, Comercio y Miner\u00eda\",\"description\":\"Con la mejor y actualizada Informaci\u00f3n, directo medio especializado en los sectores Energ\u00e9tico, Industriales, Comercio y Miner\u00eda.\",\"potentialAction\":[{\"@type\":\"SearchAction\",\"target\":{\"@type\":\"EntryPoint\",\"urlTemplate\":\"https:\\\/\\\/energiaindustriacomercio.com\\\/en\\\/?s={search_term_string}\"},\"query-input\":{\"@type\":\"PropertyValueSpecification\",\"valueRequired\":true,\"valueName\":\"search_term_string\"}}],\"inLanguage\":\"en-US\"},{\"@type\":\"Person\",\"@id\":\"https:\\\/\\\/energiaindustriacomercio.com\\\/#\\\/schema\\\/person\\\/20537348e4a779400f65bacd515f5e98\",\"name\":\"Redacci\u00f3n Multimedios\",\"image\":{\"@type\":\"ImageObject\",\"inLanguage\":\"en-US\",\"@id\":\"https:\\\/\\\/secure.gravatar.com\\\/avatar\\\/875383f62e2dabe9932509449b2ee1c8f286cbf9bec463a638879473cb28dd38?s=96&d=mm&r=g\",\"url\":\"https:\\\/\\\/secure.gravatar.com\\\/avatar\\\/875383f62e2dabe9932509449b2ee1c8f286cbf9bec463a638879473cb28dd38?s=96&d=mm&r=g\",\"contentUrl\":\"https:\\\/\\\/secure.gravatar.com\\\/avatar\\\/875383f62e2dabe9932509449b2ee1c8f286cbf9bec463a638879473cb28dd38?s=96&d=mm&r=g\",\"caption\":\"Redacci\u00f3n Multimedios\"},\"description\":\"Con unos 40 a\u00f1os de experiencia en el \u00e1mbito de las comunicaciones especializadas, ampliamente relacionado a los sectores de la Construcci\u00f3n y los Bienes Ra\u00edces, organizador de las primeras Expos Nacionales e Internacionales del sector de la construcci\u00f3n, turismo y los Bienes Ra\u00edces en la R.D.\",\"sameAs\":[\"http:\\\/\\\/es.gravatar.com\\\/multimediosdg\",\"https:\\\/\\\/x.com\\\/EMdelosNEGOCIOS\"],\"url\":\"https:\\\/\\\/energiaindustriacomercio.com\\\/en\\\/author\\\/theballestergroup\\\/\"}]}<\/script>\n<!-- \/ Yoast SEO plugin. -->","yoast_head_json":{"title":"Sendas energ\u00e9ticas sostenibles para Am\u00e9rica Latina y el Caribe - Energ\u00eda, Industria, Comercio y Miner\u00eda","robots":{"index":"index","follow":"follow","max-snippet":"max-snippet:-1","max-image-preview":"max-image-preview:large","max-video-preview":"max-video-preview:-1"},"canonical":"https:\/\/energiaindustriacomercio.com\/en\/2022\/12\/06\/sendas-energeticas-sostenibles-para-america-latina-y-el-caribe\/","og_locale":"en_US","og_type":"article","og_title":"Sendas energ\u00e9ticas sostenibles para Am\u00e9rica Latina y el Caribe - Energ\u00eda, Industria, Comercio y Miner\u00eda","og_description":"La Divisi\u00f3n de Energ\u00eda present\u00f3 durante la COP27 su trabajo en apoyo a la reconstrucci\u00f3n de infraestructura m\u00e1s resiliente ante crecientes impactos del cambio clim\u00e1tico Am\u00e9rica Latina y el Caribe es una de las regiones m\u00e1s afectadas por los impactos y las consecuencias del cambio clim\u00e1tico. A pesar de su baja contribuci\u00f3n a los gases [&hellip;]","og_url":"https:\/\/energiaindustriacomercio.com\/en\/2022\/12\/06\/sendas-energeticas-sostenibles-para-america-latina-y-el-caribe\/","og_site_name":"Energ\u00eda, Industria, Comercio y Miner\u00eda","article_published_time":"2022-12-06T22:23:41+00:00","og_image":[{"width":1000,"height":667,"url":"https:\/\/energiaindustriacomercio.com\/wp-content\/uploads\/sites\/78\/2022\/12\/1-1.jpg","type":"image\/jpeg"}],"author":"Redacci\u00f3n Multimedios","twitter_card":"summary_large_image","twitter_creator":"@EMdelosNEGOCIOS","twitter_misc":{"Written by":"Redacci\u00f3n Multimedios","Est. reading time":"5 minutes"},"schema":{"@context":"https:\/\/schema.org","@graph":[{"@type":"Article","@id":"https:\/\/energiaindustriacomercio.com\/2022\/12\/06\/sendas-energeticas-sostenibles-para-america-latina-y-el-caribe\/#article","isPartOf":{"@id":"https:\/\/energiaindustriacomercio.com\/2022\/12\/06\/sendas-energeticas-sostenibles-para-america-latina-y-el-caribe\/"},"author":{"name":"Redacci\u00f3n Multimedios","@id":"https:\/\/energiaindustriacomercio.com\/#\/schema\/person\/20537348e4a779400f65bacd515f5e98"},"headline":"Sendas energ\u00e9ticas sostenibles para Am\u00e9rica Latina y el Caribe","datePublished":"2022-12-06T22:23:41+00:00","mainEntityOfPage":{"@id":"https:\/\/energiaindustriacomercio.com\/2022\/12\/06\/sendas-energeticas-sostenibles-para-america-latina-y-el-caribe\/"},"wordCount":953,"commentCount":0,"image":{"@id":"https:\/\/energiaindustriacomercio.com\/2022\/12\/06\/sendas-energeticas-sostenibles-para-america-latina-y-el-caribe\/#primaryimage"},"thumbnailUrl":"https:\/\/energiaindustriacomercio.com\/wp-content\/uploads\/sites\/78\/2022\/12\/1-1.jpg","articleSection":["Energ\u00eda Renovable"],"inLanguage":"en-US","potentialAction":[{"@type":"CommentAction","name":"Comment","target":["https:\/\/energiaindustriacomercio.com\/2022\/12\/06\/sendas-energeticas-sostenibles-para-america-latina-y-el-caribe\/#respond"]}]},{"@type":"WebPage","@id":"https:\/\/energiaindustriacomercio.com\/en\/2022\/12\/06\/sendas-energeticas-sostenibles-para-america-latina-y-el-caribe\/","url":"https:\/\/energiaindustriacomercio.com\/en\/2022\/12\/06\/sendas-energeticas-sostenibles-para-america-latina-y-el-caribe\/","name":"Sendas energ\u00e9ticas sostenibles para Am\u00e9rica Latina y el Caribe - Energ\u00eda, Industria, Comercio y Miner\u00eda","isPartOf":{"@id":"https:\/\/energiaindustriacomercio.com\/en\/#website"},"primaryImageOfPage":{"@id":"https:\/\/energiaindustriacomercio.com\/en\/2022\/12\/06\/sendas-energeticas-sostenibles-para-america-latina-y-el-caribe\/#primaryimage"},"image":{"@id":"https:\/\/energiaindustriacomercio.com\/2022\/12\/06\/sendas-energeticas-sostenibles-para-america-latina-y-el-caribe\/#primaryimage"},"thumbnailUrl":"https:\/\/energiaindustriacomercio.com\/wp-content\/uploads\/sites\/78\/2022\/12\/1-1.jpg","datePublished":"2022-12-06T22:23:41+00:00","author":{"@id":"https:\/\/energiaindustriacomercio.com\/#\/schema\/person\/20537348e4a779400f65bacd515f5e98"},"breadcrumb":{"@id":"https:\/\/energiaindustriacomercio.com\/en\/2022\/12\/06\/sendas-energeticas-sostenibles-para-america-latina-y-el-caribe\/#breadcrumb"},"inLanguage":"en-US","potentialAction":[{"@type":"ReadAction","target":[["https:\/\/energiaindustriacomercio.com\/en\/2022\/12\/06\/sendas-energeticas-sostenibles-para-america-latina-y-el-caribe\/"]]}]},{"@type":"ImageObject","inLanguage":"en-US","@id":"https:\/\/energiaindustriacomercio.com\/en\/2022\/12\/06\/sendas-energeticas-sostenibles-para-america-latina-y-el-caribe\/#primaryimage","url":"https:\/\/energiaindustriacomercio.com\/wp-content\/uploads\/sites\/78\/2022\/12\/1-1.jpg","contentUrl":"https:\/\/energiaindustriacomercio.com\/wp-content\/uploads\/sites\/78\/2022\/12\/1-1.jpg","width":1000,"height":667},{"@type":"BreadcrumbList","@id":"https:\/\/energiaindustriacomercio.com\/en\/2022\/12\/06\/sendas-energeticas-sostenibles-para-america-latina-y-el-caribe\/#breadcrumb","itemListElement":[{"@type":"ListItem","position":1,"name":"Portada","item":"https:\/\/energiaindustriacomercio.com\/en\/"},{"@type":"ListItem","position":2,"name":"Sendas energ\u00e9ticas sostenibles para Am\u00e9rica Latina y el Caribe"}]},{"@type":"WebSite","@id":"https:\/\/energiaindustriacomercio.com\/en\/#website","url":"https:\/\/energiaindustriacomercio.com\/en\/","name":"Energ\u00eda, Industria, Comercio y Miner\u00eda","description":"Con la mejor y actualizada Informaci\u00f3n, directo medio especializado en los sectores Energ\u00e9tico, Industriales, Comercio y Miner\u00eda.","potentialAction":[{"@type":"SearchAction","target":{"@type":"EntryPoint","urlTemplate":"https:\/\/energiaindustriacomercio.com\/en\/?s={search_term_string}"},"query-input":{"@type":"PropertyValueSpecification","valueRequired":true,"valueName":"search_term_string"}}],"inLanguage":"en-US"},{"@type":"Person","@id":"https:\/\/energiaindustriacomercio.com\/#\/schema\/person\/20537348e4a779400f65bacd515f5e98","name":"Redacci\u00f3n Multimedios","image":{"@type":"ImageObject","inLanguage":"en-US","@id":"https:\/\/secure.gravatar.com\/avatar\/875383f62e2dabe9932509449b2ee1c8f286cbf9bec463a638879473cb28dd38?s=96&d=mm&r=g","url":"https:\/\/secure.gravatar.com\/avatar\/875383f62e2dabe9932509449b2ee1c8f286cbf9bec463a638879473cb28dd38?s=96&d=mm&r=g","contentUrl":"https:\/\/secure.gravatar.com\/avatar\/875383f62e2dabe9932509449b2ee1c8f286cbf9bec463a638879473cb28dd38?s=96&d=mm&r=g","caption":"Redacci\u00f3n Multimedios"},"description":"Con unos 40 a\u00f1os de experiencia en el \u00e1mbito de las comunicaciones especializadas, ampliamente relacionado a los sectores de la Construcci\u00f3n y los Bienes Ra\u00edces, organizador de las primeras Expos Nacionales e Internacionales del sector de la construcci\u00f3n, turismo y los Bienes Ra\u00edces en la R.D.","sameAs":["http:\/\/es.gravatar.com\/multimediosdg","https:\/\/x.com\/EMdelosNEGOCIOS"],"url":"https:\/\/energiaindustriacomercio.com\/en\/author\/theballestergroup\/"}]}},"_links":{"self":[{"href":"https:\/\/energiaindustriacomercio.com\/en\/wp-json\/wp\/v2\/posts\/6295","targetHints":{"allow":["GET"]}}],"collection":[{"href":"https:\/\/energiaindustriacomercio.com\/en\/wp-json\/wp\/v2\/posts"}],"about":[{"href":"https:\/\/energiaindustriacomercio.com\/en\/wp-json\/wp\/v2\/types\/post"}],"author":[{"embeddable":true,"href":"https:\/\/energiaindustriacomercio.com\/en\/wp-json\/wp\/v2\/users\/16"}],"replies":[{"embeddable":true,"href":"https:\/\/energiaindustriacomercio.com\/en\/wp-json\/wp\/v2\/comments?post=6295"}],"version-history":[{"count":1,"href":"https:\/\/energiaindustriacomercio.com\/en\/wp-json\/wp\/v2\/posts\/6295\/revisions"}],"predecessor-version":[{"id":6297,"href":"https:\/\/energiaindustriacomercio.com\/en\/wp-json\/wp\/v2\/posts\/6295\/revisions\/6297"}],"wp:featuredmedia":[{"embeddable":true,"href":"https:\/\/energiaindustriacomercio.com\/en\/wp-json\/wp\/v2\/media\/6296"}],"wp:attachment":[{"href":"https:\/\/energiaindustriacomercio.com\/en\/wp-json\/wp\/v2\/media?parent=6295"}],"wp:term":[{"taxonomy":"category","embeddable":true,"href":"https:\/\/energiaindustriacomercio.com\/en\/wp-json\/wp\/v2\/categories?post=6295"},{"taxonomy":"post_tag","embeddable":true,"href":"https:\/\/energiaindustriacomercio.com\/en\/wp-json\/wp\/v2\/tags?post=6295"}],"curies":[{"name":"wp","href":"https:\/\/api.w.org\/{rel}","templated":true}]}}