{"id":4837,"date":"2022-04-04T14:36:00","date_gmt":"2022-04-04T14:36:00","guid":{"rendered":"https:\/\/energiaindustriacomercio.com\/?p=4837"},"modified":"2022-04-05T14:40:40","modified_gmt":"2022-04-05T14:40:40","slug":"ruta-industrial-visita-las-instalaciones-de-rattan-dominicano","status":"publish","type":"post","link":"https:\/\/energiaindustriacomercio.com\/en\/2022\/04\/04\/ruta-industrial-visita-las-instalaciones-de-rattan-dominicano\/","title":{"rendered":"Ruta Industrial visita las instalaciones de Rattan Dominicano"},"content":{"rendered":"\n<p><strong>SANTO DOMINGO. &#8211;<\/strong>&nbsp;El ministro de Industria, Comercio y Mipymes (MICM), V\u00edctor &#8211; Ito &#8211; Bison\u00f3, reiter\u00f3 su apoyo al fomento y desarrollo de la industria del mueble en el pa\u00eds, con el objetivo de explotar su potencial, impulsar las exportaciones y generar m\u00e1s empleos.<\/p>\n\n\n\n<figure class=\"wp-block-image\"><img decoding=\"async\" src=\"https:\/\/micm.gob.do\/images\/noticias\/2022\/04-abril\/Ruta_Industrial_visita_las_instalaciones_de_Rattan_Dominicano_02.jpg\" alt=\"\" \/><figcaption>.<\/figcaption><\/figure>\n\n\n\n<p>Durante una visita a las instalaciones de la empresa de muebles Rattan Dominicano, como parte de la Ruta Industrial, el funcionario se puso a la disposici\u00f3n de los fabricantes de muebles para apoyarlos a trav\u00e9s de los servicios que ofrece el MICM a la producci\u00f3n nacional.<\/p>\n\n\n\n<p>Bison\u00f3 calific\u00f3 a Rattan Dominicano como \u201cun ejemplo\u201d y dijo que su \u00e9xito se debe al resultado del \u00e9xito personal, liderazgo y la unidad familiar.<\/p>\n\n\n\n<p>El ministro fue recibido por el presidente y fundador de la empresa, Porfirio Peralta, junto a su familia, en las instalaciones de Rattan Dominicano, situadas en el kil\u00f3metro 22 de la Carretera Mella, Santo Domingo Este.<\/p>\n\n\n\n<p>Esta empresa lleva 40 a\u00f1os en el mercado trabajando maderas preciosas, tales como acacia, pino, roble, campeche y madera americana, convirti\u00e9ndolas en mobiliarios del hogar.<\/p>\n\n\n\n<p>Posairis Peralta, administradora de la compa\u00f1\u00eda, dio la bienvenida e hizo un recuento de los inicios y esfuerzos realizados por su padre para la conformaci\u00f3n y desarrollo de la empresa familiar.<\/p>\n\n\n\n<figure class=\"wp-block-image\"><img decoding=\"async\" src=\"https:\/\/micm.gob.do\/images\/noticias\/2022\/04-abril\/Ruta_Industrial_visita_las_instalaciones_de_Rattan_Dominicano_03.jpg\" alt=\"\" \/><figcaption>.<\/figcaption><\/figure>\n\n\n\n<p>Indic\u00f3 que la empresa ha logrado desarrollarse y establecerse, traspasando los linderos del territorio dominicano, para convertirse y colocarse como una industria de perfil internacional, dando oportunidad de empleo a m\u00e1s de 70 personas de la zona.<\/p>\n\n\n\n<p>Durante un recorrido por las instalaciones, Bison\u00f3 pudo apreciar el trabajo realizado en muebler\u00eda, dise\u00f1o y decoraci\u00f3n, conociendo la amplia gama de productos y modelos logrados con el trabajo y tratado de la madera, as\u00ed como los tejidos artesanales, con distintos tonos crom\u00e1ticos.<\/p>\n\n\n\n<p>Con el presidente de la empresa estuvo su esposa, Santa Peralta, y sus hijos, Bresairis y Breilley Peralta, gerente comercial y de operaciones.<\/p>\n\n\n\n<p>Bison\u00f3 estuvo acompa\u00f1ado por Cristian Hern\u00e1ndez y Roger Marte, directores de Servicios de Apoyo a las Mipymes y de Emprendimiento del MICM.<\/p>\n","protected":false},"excerpt":{"rendered":"<p>SANTO DOMINGO. &#8211;&nbsp;El ministro de Industria, Comercio y Mipymes (MICM), V\u00edctor &#8211; Ito &#8211; Bison\u00f3, reiter\u00f3 su apoyo al fomento y desarrollo de la industria del mueble en el pa\u00eds, con el objetivo de explotar su potencial, impulsar las exportaciones y generar m\u00e1s empleos. Durante una visita a las instalaciones de la empresa de muebles [&hellip;]<\/p>\n","protected":false},"author":16,"featured_media":4838,"comment_status":"open","ping_status":"open","sticky":false,"template":"","format":"standard","meta":{"_acf_changed":false,"_monsterinsights_skip_tracking":false,"_monsterinsights_sitenote_active":false,"_monsterinsights_sitenote_note":"","_monsterinsights_sitenote_category":0,"footnotes":""},"categories":[265],"tags":[],"class_list":["post-4837","post","type-post","status-publish","format-standard","has-post-thumbnail","hentry","category-industria"],"acf":[],"yoast_head":"<!-- This site is optimized with the Yoast SEO plugin v27.5 - https:\/\/yoast.com\/product\/yoast-seo-wordpress\/ -->\n<title>Ruta Industrial visita las instalaciones de Rattan Dominicano - Energ\u00eda, Industria, Comercio y Miner\u00eda<\/title>\n<meta name=\"robots\" content=\"index, follow, max-snippet:-1, max-image-preview:large, max-video-preview:-1\" \/>\n<link rel=\"canonical\" href=\"https:\/\/energiaindustriacomercio.com\/en\/2022\/04\/04\/ruta-industrial-visita-las-instalaciones-de-rattan-dominicano\/\" \/>\n<meta property=\"og:locale\" content=\"en_US\" \/>\n<meta property=\"og:type\" content=\"article\" \/>\n<meta property=\"og:title\" content=\"Ruta Industrial visita las instalaciones de Rattan Dominicano - Energ\u00eda, Industria, Comercio y Miner\u00eda\" \/>\n<meta property=\"og:description\" content=\"SANTO DOMINGO. &#8211;&nbsp;El ministro de Industria, Comercio y Mipymes (MICM), V\u00edctor &#8211; Ito &#8211; Bison\u00f3, reiter\u00f3 su apoyo al fomento y desarrollo de la industria del mueble en el pa\u00eds, con el objetivo de explotar su potencial, impulsar las exportaciones y generar m\u00e1s empleos. Durante una visita a las instalaciones de la empresa de muebles [&hellip;]\" \/>\n<meta property=\"og:url\" content=\"https:\/\/energiaindustriacomercio.com\/en\/2022\/04\/04\/ruta-industrial-visita-las-instalaciones-de-rattan-dominicano\/\" \/>\n<meta property=\"og:site_name\" content=\"Energ\u00eda, Industria, Comercio y Miner\u00eda\" \/>\n<meta property=\"article:published_time\" content=\"2022-04-04T14:36:00+00:00\" \/>\n<meta property=\"article:modified_time\" content=\"2022-04-05T14:40:40+00:00\" \/>\n<meta property=\"og:image\" content=\"https:\/\/energiaindustriacomercio.com\/wp-content\/uploads\/sites\/78\/2022\/04\/Ruta_Industrial_visita_las_instalaciones_de_Ratt.jpg\" \/>\n\t<meta property=\"og:image:width\" content=\"900\" \/>\n\t<meta property=\"og:image:height\" content=\"600\" \/>\n\t<meta property=\"og:image:type\" content=\"image\/jpeg\" \/>\n<meta name=\"author\" content=\"Redacci\u00f3n Multimedios\" \/>\n<meta name=\"twitter:card\" content=\"summary_large_image\" \/>\n<meta name=\"twitter:creator\" content=\"@EMdelosNEGOCIOS\" \/>\n<meta name=\"twitter:label1\" content=\"Written by\" \/>\n\t<meta name=\"twitter:data1\" content=\"Redacci\u00f3n Multimedios\" \/>\n\t<meta name=\"twitter:label2\" content=\"Est. reading time\" \/>\n\t<meta name=\"twitter:data2\" content=\"2 minutes\" \/>\n<script type=\"application\/ld+json\" class=\"yoast-schema-graph\">{\"@context\":\"https:\\\/\\\/schema.org\",\"@graph\":[{\"@type\":\"Article\",\"@id\":\"https:\\\/\\\/energiaindustriacomercio.com\\\/2022\\\/04\\\/04\\\/ruta-industrial-visita-las-instalaciones-de-rattan-dominicano\\\/#article\",\"isPartOf\":{\"@id\":\"https:\\\/\\\/energiaindustriacomercio.com\\\/2022\\\/04\\\/04\\\/ruta-industrial-visita-las-instalaciones-de-rattan-dominicano\\\/\"},\"author\":{\"name\":\"Redacci\u00f3n Multimedios\",\"@id\":\"https:\\\/\\\/energiaindustriacomercio.com\\\/#\\\/schema\\\/person\\\/20537348e4a779400f65bacd515f5e98\"},\"headline\":\"Ruta Industrial visita las instalaciones de Rattan Dominicano\",\"datePublished\":\"2022-04-04T14:36:00+00:00\",\"dateModified\":\"2022-04-05T14:40:40+00:00\",\"mainEntityOfPage\":{\"@id\":\"https:\\\/\\\/energiaindustriacomercio.com\\\/2022\\\/04\\\/04\\\/ruta-industrial-visita-las-instalaciones-de-rattan-dominicano\\\/\"},\"wordCount\":357,\"commentCount\":0,\"image\":{\"@id\":\"https:\\\/\\\/energiaindustriacomercio.com\\\/2022\\\/04\\\/04\\\/ruta-industrial-visita-las-instalaciones-de-rattan-dominicano\\\/#primaryimage\"},\"thumbnailUrl\":\"https:\\\/\\\/energiaindustriacomercio.com\\\/wp-content\\\/uploads\\\/sites\\\/78\\\/2022\\\/04\\\/Ruta_Industrial_visita_las_instalaciones_de_Ratt.jpg\",\"articleSection\":[\"INDUSTRIA\"],\"inLanguage\":\"en-US\",\"potentialAction\":[{\"@type\":\"CommentAction\",\"name\":\"Comment\",\"target\":[\"https:\\\/\\\/energiaindustriacomercio.com\\\/2022\\\/04\\\/04\\\/ruta-industrial-visita-las-instalaciones-de-rattan-dominicano\\\/#respond\"]}]},{\"@type\":\"WebPage\",\"@id\":\"https:\\\/\\\/energiaindustriacomercio.com\\\/en\\\/2022\\\/04\\\/04\\\/ruta-industrial-visita-las-instalaciones-de-rattan-dominicano\\\/\",\"url\":\"https:\\\/\\\/energiaindustriacomercio.com\\\/en\\\/2022\\\/04\\\/04\\\/ruta-industrial-visita-las-instalaciones-de-rattan-dominicano\\\/\",\"name\":\"Ruta Industrial visita las instalaciones de Rattan Dominicano - Energ\u00eda, Industria, Comercio y Miner\u00eda\",\"isPartOf\":{\"@id\":\"https:\\\/\\\/energiaindustriacomercio.com\\\/en\\\/#website\"},\"primaryImageOfPage\":{\"@id\":\"https:\\\/\\\/energiaindustriacomercio.com\\\/en\\\/2022\\\/04\\\/04\\\/ruta-industrial-visita-las-instalaciones-de-rattan-dominicano\\\/#primaryimage\"},\"image\":{\"@id\":\"https:\\\/\\\/energiaindustriacomercio.com\\\/2022\\\/04\\\/04\\\/ruta-industrial-visita-las-instalaciones-de-rattan-dominicano\\\/#primaryimage\"},\"thumbnailUrl\":\"https:\\\/\\\/energiaindustriacomercio.com\\\/wp-content\\\/uploads\\\/sites\\\/78\\\/2022\\\/04\\\/Ruta_Industrial_visita_las_instalaciones_de_Ratt.jpg\",\"datePublished\":\"2022-04-04T14:36:00+00:00\",\"dateModified\":\"2022-04-05T14:40:40+00:00\",\"author\":{\"@id\":\"https:\\\/\\\/energiaindustriacomercio.com\\\/#\\\/schema\\\/person\\\/20537348e4a779400f65bacd515f5e98\"},\"breadcrumb\":{\"@id\":\"https:\\\/\\\/energiaindustriacomercio.com\\\/en\\\/2022\\\/04\\\/04\\\/ruta-industrial-visita-las-instalaciones-de-rattan-dominicano\\\/#breadcrumb\"},\"inLanguage\":\"en-US\",\"potentialAction\":[{\"@type\":\"ReadAction\",\"target\":[[\"https:\\\/\\\/energiaindustriacomercio.com\\\/en\\\/2022\\\/04\\\/04\\\/ruta-industrial-visita-las-instalaciones-de-rattan-dominicano\\\/\"]]}]},{\"@type\":\"ImageObject\",\"inLanguage\":\"en-US\",\"@id\":\"https:\\\/\\\/energiaindustriacomercio.com\\\/en\\\/2022\\\/04\\\/04\\\/ruta-industrial-visita-las-instalaciones-de-rattan-dominicano\\\/#primaryimage\",\"url\":\"https:\\\/\\\/energiaindustriacomercio.com\\\/wp-content\\\/uploads\\\/sites\\\/78\\\/2022\\\/04\\\/Ruta_Industrial_visita_las_instalaciones_de_Ratt.jpg\",\"contentUrl\":\"https:\\\/\\\/energiaindustriacomercio.com\\\/wp-content\\\/uploads\\\/sites\\\/78\\\/2022\\\/04\\\/Ruta_Industrial_visita_las_instalaciones_de_Ratt.jpg\",\"width\":900,\"height\":600},{\"@type\":\"BreadcrumbList\",\"@id\":\"https:\\\/\\\/energiaindustriacomercio.com\\\/en\\\/2022\\\/04\\\/04\\\/ruta-industrial-visita-las-instalaciones-de-rattan-dominicano\\\/#breadcrumb\",\"itemListElement\":[{\"@type\":\"ListItem\",\"position\":1,\"name\":\"Portada\",\"item\":\"https:\\\/\\\/energiaindustriacomercio.com\\\/en\\\/\"},{\"@type\":\"ListItem\",\"position\":2,\"name\":\"Ruta Industrial visita las instalaciones de Rattan Dominicano\"}]},{\"@type\":\"WebSite\",\"@id\":\"https:\\\/\\\/energiaindustriacomercio.com\\\/en\\\/#website\",\"url\":\"https:\\\/\\\/energiaindustriacomercio.com\\\/en\\\/\",\"name\":\"Energ\u00eda, Industria, Comercio y Miner\u00eda\",\"description\":\"Con la mejor y actualizada Informaci\u00f3n, directo medio especializado en los sectores Energ\u00e9tico, Industriales, Comercio y Miner\u00eda.\",\"potentialAction\":[{\"@type\":\"SearchAction\",\"target\":{\"@type\":\"EntryPoint\",\"urlTemplate\":\"https:\\\/\\\/energiaindustriacomercio.com\\\/en\\\/?s={search_term_string}\"},\"query-input\":{\"@type\":\"PropertyValueSpecification\",\"valueRequired\":true,\"valueName\":\"search_term_string\"}}],\"inLanguage\":\"en-US\"},{\"@type\":\"Person\",\"@id\":\"https:\\\/\\\/energiaindustriacomercio.com\\\/#\\\/schema\\\/person\\\/20537348e4a779400f65bacd515f5e98\",\"name\":\"Redacci\u00f3n Multimedios\",\"image\":{\"@type\":\"ImageObject\",\"inLanguage\":\"en-US\",\"@id\":\"https:\\\/\\\/secure.gravatar.com\\\/avatar\\\/875383f62e2dabe9932509449b2ee1c8f286cbf9bec463a638879473cb28dd38?s=96&d=mm&r=g\",\"url\":\"https:\\\/\\\/secure.gravatar.com\\\/avatar\\\/875383f62e2dabe9932509449b2ee1c8f286cbf9bec463a638879473cb28dd38?s=96&d=mm&r=g\",\"contentUrl\":\"https:\\\/\\\/secure.gravatar.com\\\/avatar\\\/875383f62e2dabe9932509449b2ee1c8f286cbf9bec463a638879473cb28dd38?s=96&d=mm&r=g\",\"caption\":\"Redacci\u00f3n Multimedios\"},\"description\":\"Con unos 40 a\u00f1os de experiencia en el \u00e1mbito de las comunicaciones especializadas, ampliamente relacionado a los sectores de la Construcci\u00f3n y los Bienes Ra\u00edces, organizador de las primeras Expos Nacionales e Internacionales del sector de la construcci\u00f3n, turismo y los Bienes Ra\u00edces en la R.D.\",\"sameAs\":[\"http:\\\/\\\/es.gravatar.com\\\/multimediosdg\",\"https:\\\/\\\/x.com\\\/EMdelosNEGOCIOS\"],\"url\":\"https:\\\/\\\/energiaindustriacomercio.com\\\/en\\\/author\\\/theballestergroup\\\/\"}]}<\/script>\n<!-- \/ Yoast SEO plugin. -->","yoast_head_json":{"title":"Ruta Industrial visita las instalaciones de Rattan Dominicano - Energ\u00eda, Industria, Comercio y Miner\u00eda","robots":{"index":"index","follow":"follow","max-snippet":"max-snippet:-1","max-image-preview":"max-image-preview:large","max-video-preview":"max-video-preview:-1"},"canonical":"https:\/\/energiaindustriacomercio.com\/en\/2022\/04\/04\/ruta-industrial-visita-las-instalaciones-de-rattan-dominicano\/","og_locale":"en_US","og_type":"article","og_title":"Ruta Industrial visita las instalaciones de Rattan Dominicano - Energ\u00eda, Industria, Comercio y Miner\u00eda","og_description":"SANTO DOMINGO. &#8211;&nbsp;El ministro de Industria, Comercio y Mipymes (MICM), V\u00edctor &#8211; Ito &#8211; Bison\u00f3, reiter\u00f3 su apoyo al fomento y desarrollo de la industria del mueble en el pa\u00eds, con el objetivo de explotar su potencial, impulsar las exportaciones y generar m\u00e1s empleos. Durante una visita a las instalaciones de la empresa de muebles [&hellip;]","og_url":"https:\/\/energiaindustriacomercio.com\/en\/2022\/04\/04\/ruta-industrial-visita-las-instalaciones-de-rattan-dominicano\/","og_site_name":"Energ\u00eda, Industria, Comercio y Miner\u00eda","article_published_time":"2022-04-04T14:36:00+00:00","article_modified_time":"2022-04-05T14:40:40+00:00","og_image":[{"width":900,"height":600,"url":"https:\/\/energiaindustriacomercio.com\/wp-content\/uploads\/sites\/78\/2022\/04\/Ruta_Industrial_visita_las_instalaciones_de_Ratt.jpg","type":"image\/jpeg"}],"author":"Redacci\u00f3n Multimedios","twitter_card":"summary_large_image","twitter_creator":"@EMdelosNEGOCIOS","twitter_misc":{"Written by":"Redacci\u00f3n Multimedios","Est. reading time":"2 minutes"},"schema":{"@context":"https:\/\/schema.org","@graph":[{"@type":"Article","@id":"https:\/\/energiaindustriacomercio.com\/2022\/04\/04\/ruta-industrial-visita-las-instalaciones-de-rattan-dominicano\/#article","isPartOf":{"@id":"https:\/\/energiaindustriacomercio.com\/2022\/04\/04\/ruta-industrial-visita-las-instalaciones-de-rattan-dominicano\/"},"author":{"name":"Redacci\u00f3n Multimedios","@id":"https:\/\/energiaindustriacomercio.com\/#\/schema\/person\/20537348e4a779400f65bacd515f5e98"},"headline":"Ruta Industrial visita las instalaciones de Rattan Dominicano","datePublished":"2022-04-04T14:36:00+00:00","dateModified":"2022-04-05T14:40:40+00:00","mainEntityOfPage":{"@id":"https:\/\/energiaindustriacomercio.com\/2022\/04\/04\/ruta-industrial-visita-las-instalaciones-de-rattan-dominicano\/"},"wordCount":357,"commentCount":0,"image":{"@id":"https:\/\/energiaindustriacomercio.com\/2022\/04\/04\/ruta-industrial-visita-las-instalaciones-de-rattan-dominicano\/#primaryimage"},"thumbnailUrl":"https:\/\/energiaindustriacomercio.com\/wp-content\/uploads\/sites\/78\/2022\/04\/Ruta_Industrial_visita_las_instalaciones_de_Ratt.jpg","articleSection":["INDUSTRIA"],"inLanguage":"en-US","potentialAction":[{"@type":"CommentAction","name":"Comment","target":["https:\/\/energiaindustriacomercio.com\/2022\/04\/04\/ruta-industrial-visita-las-instalaciones-de-rattan-dominicano\/#respond"]}]},{"@type":"WebPage","@id":"https:\/\/energiaindustriacomercio.com\/en\/2022\/04\/04\/ruta-industrial-visita-las-instalaciones-de-rattan-dominicano\/","url":"https:\/\/energiaindustriacomercio.com\/en\/2022\/04\/04\/ruta-industrial-visita-las-instalaciones-de-rattan-dominicano\/","name":"Ruta Industrial visita las instalaciones de Rattan Dominicano - Energ\u00eda, Industria, Comercio y Miner\u00eda","isPartOf":{"@id":"https:\/\/energiaindustriacomercio.com\/en\/#website"},"primaryImageOfPage":{"@id":"https:\/\/energiaindustriacomercio.com\/en\/2022\/04\/04\/ruta-industrial-visita-las-instalaciones-de-rattan-dominicano\/#primaryimage"},"image":{"@id":"https:\/\/energiaindustriacomercio.com\/2022\/04\/04\/ruta-industrial-visita-las-instalaciones-de-rattan-dominicano\/#primaryimage"},"thumbnailUrl":"https:\/\/energiaindustriacomercio.com\/wp-content\/uploads\/sites\/78\/2022\/04\/Ruta_Industrial_visita_las_instalaciones_de_Ratt.jpg","datePublished":"2022-04-04T14:36:00+00:00","dateModified":"2022-04-05T14:40:40+00:00","author":{"@id":"https:\/\/energiaindustriacomercio.com\/#\/schema\/person\/20537348e4a779400f65bacd515f5e98"},"breadcrumb":{"@id":"https:\/\/energiaindustriacomercio.com\/en\/2022\/04\/04\/ruta-industrial-visita-las-instalaciones-de-rattan-dominicano\/#breadcrumb"},"inLanguage":"en-US","potentialAction":[{"@type":"ReadAction","target":[["https:\/\/energiaindustriacomercio.com\/en\/2022\/04\/04\/ruta-industrial-visita-las-instalaciones-de-rattan-dominicano\/"]]}]},{"@type":"ImageObject","inLanguage":"en-US","@id":"https:\/\/energiaindustriacomercio.com\/en\/2022\/04\/04\/ruta-industrial-visita-las-instalaciones-de-rattan-dominicano\/#primaryimage","url":"https:\/\/energiaindustriacomercio.com\/wp-content\/uploads\/sites\/78\/2022\/04\/Ruta_Industrial_visita_las_instalaciones_de_Ratt.jpg","contentUrl":"https:\/\/energiaindustriacomercio.com\/wp-content\/uploads\/sites\/78\/2022\/04\/Ruta_Industrial_visita_las_instalaciones_de_Ratt.jpg","width":900,"height":600},{"@type":"BreadcrumbList","@id":"https:\/\/energiaindustriacomercio.com\/en\/2022\/04\/04\/ruta-industrial-visita-las-instalaciones-de-rattan-dominicano\/#breadcrumb","itemListElement":[{"@type":"ListItem","position":1,"name":"Portada","item":"https:\/\/energiaindustriacomercio.com\/en\/"},{"@type":"ListItem","position":2,"name":"Ruta Industrial visita las instalaciones de Rattan Dominicano"}]},{"@type":"WebSite","@id":"https:\/\/energiaindustriacomercio.com\/en\/#website","url":"https:\/\/energiaindustriacomercio.com\/en\/","name":"Energ\u00eda, Industria, Comercio y Miner\u00eda","description":"Con la mejor y actualizada Informaci\u00f3n, directo medio especializado en los sectores Energ\u00e9tico, Industriales, Comercio y Miner\u00eda.","potentialAction":[{"@type":"SearchAction","target":{"@type":"EntryPoint","urlTemplate":"https:\/\/energiaindustriacomercio.com\/en\/?s={search_term_string}"},"query-input":{"@type":"PropertyValueSpecification","valueRequired":true,"valueName":"search_term_string"}}],"inLanguage":"en-US"},{"@type":"Person","@id":"https:\/\/energiaindustriacomercio.com\/#\/schema\/person\/20537348e4a779400f65bacd515f5e98","name":"Redacci\u00f3n Multimedios","image":{"@type":"ImageObject","inLanguage":"en-US","@id":"https:\/\/secure.gravatar.com\/avatar\/875383f62e2dabe9932509449b2ee1c8f286cbf9bec463a638879473cb28dd38?s=96&d=mm&r=g","url":"https:\/\/secure.gravatar.com\/avatar\/875383f62e2dabe9932509449b2ee1c8f286cbf9bec463a638879473cb28dd38?s=96&d=mm&r=g","contentUrl":"https:\/\/secure.gravatar.com\/avatar\/875383f62e2dabe9932509449b2ee1c8f286cbf9bec463a638879473cb28dd38?s=96&d=mm&r=g","caption":"Redacci\u00f3n Multimedios"},"description":"Con unos 40 a\u00f1os de experiencia en el \u00e1mbito de las comunicaciones especializadas, ampliamente relacionado a los sectores de la Construcci\u00f3n y los Bienes Ra\u00edces, organizador de las primeras Expos Nacionales e Internacionales del sector de la construcci\u00f3n, turismo y los Bienes Ra\u00edces en la R.D.","sameAs":["http:\/\/es.gravatar.com\/multimediosdg","https:\/\/x.com\/EMdelosNEGOCIOS"],"url":"https:\/\/energiaindustriacomercio.com\/en\/author\/theballestergroup\/"}]}},"_links":{"self":[{"href":"https:\/\/energiaindustriacomercio.com\/en\/wp-json\/wp\/v2\/posts\/4837","targetHints":{"allow":["GET"]}}],"collection":[{"href":"https:\/\/energiaindustriacomercio.com\/en\/wp-json\/wp\/v2\/posts"}],"about":[{"href":"https:\/\/energiaindustriacomercio.com\/en\/wp-json\/wp\/v2\/types\/post"}],"author":[{"embeddable":true,"href":"https:\/\/energiaindustriacomercio.com\/en\/wp-json\/wp\/v2\/users\/16"}],"replies":[{"embeddable":true,"href":"https:\/\/energiaindustriacomercio.com\/en\/wp-json\/wp\/v2\/comments?post=4837"}],"version-history":[{"count":1,"href":"https:\/\/energiaindustriacomercio.com\/en\/wp-json\/wp\/v2\/posts\/4837\/revisions"}],"predecessor-version":[{"id":4839,"href":"https:\/\/energiaindustriacomercio.com\/en\/wp-json\/wp\/v2\/posts\/4837\/revisions\/4839"}],"wp:featuredmedia":[{"embeddable":true,"href":"https:\/\/energiaindustriacomercio.com\/en\/wp-json\/wp\/v2\/media\/4838"}],"wp:attachment":[{"href":"https:\/\/energiaindustriacomercio.com\/en\/wp-json\/wp\/v2\/media?parent=4837"}],"wp:term":[{"taxonomy":"category","embeddable":true,"href":"https:\/\/energiaindustriacomercio.com\/en\/wp-json\/wp\/v2\/categories?post=4837"},{"taxonomy":"post_tag","embeddable":true,"href":"https:\/\/energiaindustriacomercio.com\/en\/wp-json\/wp\/v2\/tags?post=4837"}],"curies":[{"name":"wp","href":"https:\/\/api.w.org\/{rel}","templated":true}]}}