{"id":14711,"date":"2026-01-29T20:12:45","date_gmt":"2026-01-29T20:12:45","guid":{"rendered":"https:\/\/energiaindustriacomercio.com\/?p=14711"},"modified":"2026-01-29T20:12:45","modified_gmt":"2026-01-29T20:12:45","slug":"minimitalletus-5e","status":"publish","type":"post","link":"https:\/\/energiaindustriacomercio.com\/en\/2026\/01\/29\/minimitalletus-5e\/","title":{"rendered":"minimitalletus 5e"},"content":{"rendered":"<p> . <\/p>\n<p> Trendijutuksi on noussut minimialtaan, eli tietyn ominaisuuden olemassaoloa vaadittavan miinusmerkinn\u00e4n puuttuminen pelaamiseen osallistuvien pelaajien kanssa. T\u00e4t\u00e4 trendi\u00e4 kutsutaan nimell\u00e4 &quot;minimitalletus 5e&quot;. <\/p>\n<p> Minimialtaan on erityisesti yhdistetty peliksi suosituksiin, esimerkiksi Dungeons &amp; Dragons:een ja osaan sen s\u00e4\u00e4nt\u00f6j\u00e4 viittausmerkeilt\u00e4\u00e4n. Sanaa &quot;miinus&quot; ei n\u00e4hd\u00e4 peliin osallistuessa ole tarpeen. <\/p>\n<p> Trendi on noussut erityisesti pelikaverien keskuudessa, joiden keskin\u00e4iset keskustelut sek\u00e4 sosiaaliset ja ulkoilmaolojen yhteydet ovat lis\u00e4nneet t\u00e4t\u00e4 trendin nousua. Pelaajien kesken on syntynyt p\u00e4\u00e4ttelyj\u00e4rjestelm\u00e4, jota nimitet\u00e4\u00e4n &quot;5E&quot;-lauseeksi. <\/p>\n<p> P\u00e4\u00e4s\u00e4\u00e4nt\u00f6isesti minimitalletus 5e -trendi vaikuttaa pelaajiensa keskin\u00e4isiin <a href='https:\/\/minimitalletus5e.fi\/'>MINIMITALLETUS5E.FI<\/a> suhteisiin eik\u00e4 aiheuta mit\u00e4\u00e4n muista yhteyksist\u00e4 tai ulkoilmaolojen kanssa. T\u00e4m\u00e4n j\u00e4rjestelm\u00e4\u00e4 nimitet\u00e4\u00e4n pelkistykseksi, jonka kautta monet pelaajat haluavat irtautua erityisesti viimeisen vuoden aikana sijainneesta &quot;Miinus&quot; -trendist\u00e4. <\/p>\n<p> Yksitt\u00e4isten pelaajien kanssa keskin\u00e4inen keskustelu on keskeisess\u00e4 roolissa trendin l\u00e4pimenossa. Pelaajilla ei ole tapaamisia ulkopuolella, mukaan lukien pelihenkil\u00f6st\u00f6ns\u00e4 ja heid\u00e4n s\u00e4\u00e4nt\u00f6j\u00e4\u00e4n. <\/p>\n<p> Peli\u00e4 pelaavat ihmisten koko joukot ovat t\u00e4ysiksi tunnettuja minimitalletus 5e -trendiin osallistumisestaan, jolloin pelaajien v\u00e4liset keskin\u00e4iset suhteet tasaantuvat. <\/p>\n<p> Minimialtaan trendi on noussut esille sosiaalisessa medioissa ja pelikavereiden kesken. Peli\u00e4 koskeneiss\u00e4 foorumeilla ja yhteydenpitojen mukanaan kulkeutunut minimitalletus 5e -trendi. <\/p>\n<p> Pelihenkil\u00f6st\u00f6\u00e4 ja s\u00e4\u00e4nt\u00f6j\u00e4\u00e4n ovat tarkkaavaisia minimialtaan trendin nousuessa, sill\u00e4 s\u00e4\u00e4nn\u00f6t eiv\u00e4t muuttuneet t\u00e4ss\u00e4 yhteydess\u00e4. Peli on pysynyt alkuper\u00e4isess\u00e4 muodossaan. <\/p>\n<p> Minimitalletus 5e -trendi ei osoita pelihenkil\u00f6st\u00f6n suhtautumista pelaajiin, vaan sen sijaan j\u00e4rjestelm\u00e4n ja pelaajien keskin\u00e4isten suhteiden tasapainottamisen pyrkimys. <\/p>\n<p> Pelikaveri puhuu minimialtaan trendist\u00e4\u00e4n <\/p>\n<p> &quot;Peliss\u00e4 tuntuu v\u00e4hentyneen m\u00e4\u00e4rien yksi, erityisesti siihen osallistuvat pelaajat. Pelaaminen ei ole en\u00e4\u00e4 niin iloista kuin aiemmin,&quot; kertoo pelikaveri nimelt\u00e4\u00e4n Mikael. <\/p>\n<p> &quot;Pelitapaamisten aikana tuntui, ett\u00e4 pelaajan miinusmerkinn\u00e4st\u00e4 on oltu puhuttua v\u00e4hemm\u00e4n. Olihan siis paljon keskustelua l\u00e4ht\u00f6kohtaista, miksi peliin osallistuvalla ei tarvitsisi n\u00e4ytt\u00e4\u00e4 &#8216;mi&#8217; tai muuta vastaavaa merkint\u00e4\u00e4 pelaamisen yhteydess\u00e4.&quot; <\/p>\n<p> Pelihenkil\u00f6st\u00f6n kannanotto <\/p>\n<p> Peli on pysynyt alkuper\u00e4isess\u00e4 muodossaan, ja minimialtaantekij\u00f6ille ei ole mit\u00e4\u00e4n suuntausta. Sama j\u00e4rjestelm\u00e4 on kuitenkin p\u00e4\u00e4ttelyj\u00e4rjestelminen yleistymissuunnitteista osallistuvia pelaajat. <\/p>\n<p> &quot;Pelihenkil\u00f6st\u00f6mme toiminnassa ei ollut muuttumisesta huolimatta mit\u00e4\u00e4n uudelleennime\u00e4misen vaan sen sijaan pelin omalla tasolla pidettiin j\u00e4rjestelm\u00e4n tasapainotus edellytyksen\u00e4 pelaajien keskin\u00e4isten suhteiden s\u00e4ilymiselle&quot;, kertoo pelihenkil\u00f6st\u00f6n tuki nimelt\u00e4\u00e4n Timo. <\/p>\n<p> Peliss\u00e4 vaikuttava yleiskatsaus <\/p>\n<p> Minimialtaan trendin nousuessa pelaaminen on pysynyt alkuper\u00e4isess\u00e4 muodossaan, ja j\u00e4rjestelm\u00e4\u00e4 pidet\u00e4\u00e4n tasapainottamisen edellytyksen\u00e4 pelaajien keskin\u00e4isten suhteiden s\u00e4ilymiselle. <\/p>\n<p> Pelaaminen vaikuttaa monissa aspeista pelin tasoarvioitavuus. Peliin osallistuvat ihmisjoukot ovat t\u00e4ysipainoisia minimialtaantekij\u00f6it\u00e4, jolloin pelaajien keskin\u00e4isten suhteiden s\u00e4ilyminen on mahdollista. <\/p>\n<p> Pelaaminen ei ole osoittanut pelihenkil\u00f6st\u00f6n puutetta tai liiketoimintaa. S\u00e4\u00e4nt\u00f6j\u00e4\u00e4n osallistuvat ihmiset ovat minimialtaantekij\u00e4t yhdess\u00e4 pelaamisen edellytyksen\u00e4, eiv\u00e4tk\u00e4 olisi erottunut muista suhtautumisestaan. <\/p>\n<p> Pelaaminen ei ole osoittanut peliin liittyv\u00e4\u00e4 v\u00e4hennyksi\u00e4 pelaajien osalta. <\/p>\n","protected":false},"excerpt":{"rendered":"<p>Auto-generated excerpt<\/p>\n","protected":false},"author":16,"featured_media":0,"comment_status":"closed","ping_status":"open","sticky":false,"template":"","format":"standard","meta":{"_acf_changed":false,"_monsterinsights_skip_tracking":false,"_monsterinsights_sitenote_active":false,"_monsterinsights_sitenote_note":"","_monsterinsights_sitenote_category":0,"footnotes":""},"categories":[1],"tags":[],"class_list":["post-14711","post","type-post","status-publish","format-standard","hentry","category-titulares"],"acf":[],"yoast_head":"<!-- This site is optimized with the Yoast SEO plugin v27.4 - https:\/\/yoast.com\/product\/yoast-seo-wordpress\/ -->\n<title>minimitalletus 5e - Energ\u00eda, Industria, Comercio y Miner\u00eda<\/title>\n<meta name=\"robots\" content=\"index, follow, max-snippet:-1, max-image-preview:large, max-video-preview:-1\" \/>\n<link rel=\"canonical\" href=\"https:\/\/energiaindustriacomercio.com\/2026\/01\/29\/minimitalletus-5e\/\" \/>\n<meta property=\"og:locale\" content=\"en_US\" \/>\n<meta property=\"og:type\" content=\"article\" \/>\n<meta property=\"og:title\" content=\"minimitalletus 5e - Energ\u00eda, Industria, Comercio y Miner\u00eda\" \/>\n<meta property=\"og:description\" content=\"Auto-generated excerpt\" \/>\n<meta property=\"og:url\" content=\"https:\/\/energiaindustriacomercio.com\/2026\/01\/29\/minimitalletus-5e\/\" \/>\n<meta property=\"og:site_name\" content=\"Energ\u00eda, Industria, Comercio y Miner\u00eda\" \/>\n<meta property=\"article:published_time\" content=\"2026-01-29T20:12:45+00:00\" \/>\n<meta name=\"author\" content=\"Redacci\u00f3n Multimedios\" \/>\n<meta name=\"twitter:card\" content=\"summary_large_image\" \/>\n<meta name=\"twitter:creator\" content=\"@EMdelosNEGOCIOS\" \/>\n<meta name=\"twitter:label1\" content=\"Written by\" \/>\n\t<meta name=\"twitter:data1\" content=\"Redacci\u00f3n Multimedios\" \/>\n\t<meta name=\"twitter:label2\" content=\"Est. reading time\" \/>\n\t<meta name=\"twitter:data2\" content=\"2 minutes\" \/>\n<script type=\"application\/ld+json\" class=\"yoast-schema-graph\">{\"@context\":\"https:\\\/\\\/schema.org\",\"@graph\":[{\"@type\":\"Article\",\"@id\":\"https:\\\/\\\/energiaindustriacomercio.com\\\/2026\\\/01\\\/29\\\/minimitalletus-5e\\\/#article\",\"isPartOf\":{\"@id\":\"https:\\\/\\\/energiaindustriacomercio.com\\\/2026\\\/01\\\/29\\\/minimitalletus-5e\\\/\"},\"author\":{\"name\":\"Redacci\u00f3n Multimedios\",\"@id\":\"https:\\\/\\\/energiaindustriacomercio.com\\\/#\\\/schema\\\/person\\\/20537348e4a779400f65bacd515f5e98\"},\"headline\":\"minimitalletus 5e\",\"datePublished\":\"2026-01-29T20:12:45+00:00\",\"mainEntityOfPage\":{\"@id\":\"https:\\\/\\\/energiaindustriacomercio.com\\\/2026\\\/01\\\/29\\\/minimitalletus-5e\\\/\"},\"wordCount\":484,\"articleSection\":[\"Titulares\"],\"inLanguage\":\"en-US\"},{\"@type\":\"WebPage\",\"@id\":\"https:\\\/\\\/energiaindustriacomercio.com\\\/2026\\\/01\\\/29\\\/minimitalletus-5e\\\/\",\"url\":\"https:\\\/\\\/energiaindustriacomercio.com\\\/2026\\\/01\\\/29\\\/minimitalletus-5e\\\/\",\"name\":\"minimitalletus 5e - Energ\u00eda, Industria, Comercio y Miner\u00eda\",\"isPartOf\":{\"@id\":\"https:\\\/\\\/energiaindustriacomercio.com\\\/#website\"},\"datePublished\":\"2026-01-29T20:12:45+00:00\",\"author\":{\"@id\":\"https:\\\/\\\/energiaindustriacomercio.com\\\/#\\\/schema\\\/person\\\/20537348e4a779400f65bacd515f5e98\"},\"breadcrumb\":{\"@id\":\"https:\\\/\\\/energiaindustriacomercio.com\\\/2026\\\/01\\\/29\\\/minimitalletus-5e\\\/#breadcrumb\"},\"inLanguage\":\"en-US\",\"potentialAction\":[{\"@type\":\"ReadAction\",\"target\":[\"https:\\\/\\\/energiaindustriacomercio.com\\\/2026\\\/01\\\/29\\\/minimitalletus-5e\\\/\"]}]},{\"@type\":\"BreadcrumbList\",\"@id\":\"https:\\\/\\\/energiaindustriacomercio.com\\\/2026\\\/01\\\/29\\\/minimitalletus-5e\\\/#breadcrumb\",\"itemListElement\":[{\"@type\":\"ListItem\",\"position\":1,\"name\":\"Portada\",\"item\":\"https:\\\/\\\/energiaindustriacomercio.com\\\/\"},{\"@type\":\"ListItem\",\"position\":2,\"name\":\"minimitalletus 5e\"}]},{\"@type\":\"WebSite\",\"@id\":\"https:\\\/\\\/energiaindustriacomercio.com\\\/#website\",\"url\":\"https:\\\/\\\/energiaindustriacomercio.com\\\/\",\"name\":\"Energ\u00eda, Industria, Comercio y Miner\u00eda\",\"description\":\"Con la mejor y actualizada Informaci\u00f3n, directo medio especializado en los sectores Energ\u00e9tico, Industriales, Comercio y Miner\u00eda.\",\"potentialAction\":[{\"@type\":\"SearchAction\",\"target\":{\"@type\":\"EntryPoint\",\"urlTemplate\":\"https:\\\/\\\/energiaindustriacomercio.com\\\/?s={search_term_string}\"},\"query-input\":{\"@type\":\"PropertyValueSpecification\",\"valueRequired\":true,\"valueName\":\"search_term_string\"}}],\"inLanguage\":\"en-US\"},{\"@type\":\"Person\",\"@id\":\"https:\\\/\\\/energiaindustriacomercio.com\\\/#\\\/schema\\\/person\\\/20537348e4a779400f65bacd515f5e98\",\"name\":\"Redacci\u00f3n Multimedios\",\"image\":{\"@type\":\"ImageObject\",\"inLanguage\":\"en-US\",\"@id\":\"https:\\\/\\\/secure.gravatar.com\\\/avatar\\\/875383f62e2dabe9932509449b2ee1c8f286cbf9bec463a638879473cb28dd38?s=96&d=mm&r=g\",\"url\":\"https:\\\/\\\/secure.gravatar.com\\\/avatar\\\/875383f62e2dabe9932509449b2ee1c8f286cbf9bec463a638879473cb28dd38?s=96&d=mm&r=g\",\"contentUrl\":\"https:\\\/\\\/secure.gravatar.com\\\/avatar\\\/875383f62e2dabe9932509449b2ee1c8f286cbf9bec463a638879473cb28dd38?s=96&d=mm&r=g\",\"caption\":\"Redacci\u00f3n Multimedios\"},\"description\":\"Con unos 40 a\u00f1os de experiencia en el \u00e1mbito de las comunicaciones especializadas, ampliamente relacionado a los sectores de la Construcci\u00f3n y los Bienes Ra\u00edces, organizador de las primeras Expos Nacionales e Internacionales del sector de la construcci\u00f3n, turismo y los Bienes Ra\u00edces en la R.D.\",\"sameAs\":[\"http:\\\/\\\/es.gravatar.com\\\/multimediosdg\",\"https:\\\/\\\/x.com\\\/EMdelosNEGOCIOS\"],\"url\":\"https:\\\/\\\/energiaindustriacomercio.com\\\/en\\\/author\\\/theballestergroup\\\/\"}]}<\/script>\n<!-- \/ Yoast SEO plugin. -->","yoast_head_json":{"title":"minimitalletus 5e - Energ\u00eda, Industria, Comercio y Miner\u00eda","robots":{"index":"index","follow":"follow","max-snippet":"max-snippet:-1","max-image-preview":"max-image-preview:large","max-video-preview":"max-video-preview:-1"},"canonical":"https:\/\/energiaindustriacomercio.com\/2026\/01\/29\/minimitalletus-5e\/","og_locale":"en_US","og_type":"article","og_title":"minimitalletus 5e - Energ\u00eda, Industria, Comercio y Miner\u00eda","og_description":"Auto-generated excerpt","og_url":"https:\/\/energiaindustriacomercio.com\/2026\/01\/29\/minimitalletus-5e\/","og_site_name":"Energ\u00eda, Industria, Comercio y Miner\u00eda","article_published_time":"2026-01-29T20:12:45+00:00","author":"Redacci\u00f3n Multimedios","twitter_card":"summary_large_image","twitter_creator":"@EMdelosNEGOCIOS","twitter_misc":{"Written by":"Redacci\u00f3n Multimedios","Est. reading time":"2 minutes"},"schema":{"@context":"https:\/\/schema.org","@graph":[{"@type":"Article","@id":"https:\/\/energiaindustriacomercio.com\/2026\/01\/29\/minimitalletus-5e\/#article","isPartOf":{"@id":"https:\/\/energiaindustriacomercio.com\/2026\/01\/29\/minimitalletus-5e\/"},"author":{"name":"Redacci\u00f3n Multimedios","@id":"https:\/\/energiaindustriacomercio.com\/#\/schema\/person\/20537348e4a779400f65bacd515f5e98"},"headline":"minimitalletus 5e","datePublished":"2026-01-29T20:12:45+00:00","mainEntityOfPage":{"@id":"https:\/\/energiaindustriacomercio.com\/2026\/01\/29\/minimitalletus-5e\/"},"wordCount":484,"articleSection":["Titulares"],"inLanguage":"en-US"},{"@type":"WebPage","@id":"https:\/\/energiaindustriacomercio.com\/2026\/01\/29\/minimitalletus-5e\/","url":"https:\/\/energiaindustriacomercio.com\/2026\/01\/29\/minimitalletus-5e\/","name":"minimitalletus 5e - Energ\u00eda, Industria, Comercio y Miner\u00eda","isPartOf":{"@id":"https:\/\/energiaindustriacomercio.com\/#website"},"datePublished":"2026-01-29T20:12:45+00:00","author":{"@id":"https:\/\/energiaindustriacomercio.com\/#\/schema\/person\/20537348e4a779400f65bacd515f5e98"},"breadcrumb":{"@id":"https:\/\/energiaindustriacomercio.com\/2026\/01\/29\/minimitalletus-5e\/#breadcrumb"},"inLanguage":"en-US","potentialAction":[{"@type":"ReadAction","target":["https:\/\/energiaindustriacomercio.com\/2026\/01\/29\/minimitalletus-5e\/"]}]},{"@type":"BreadcrumbList","@id":"https:\/\/energiaindustriacomercio.com\/2026\/01\/29\/minimitalletus-5e\/#breadcrumb","itemListElement":[{"@type":"ListItem","position":1,"name":"Portada","item":"https:\/\/energiaindustriacomercio.com\/"},{"@type":"ListItem","position":2,"name":"minimitalletus 5e"}]},{"@type":"WebSite","@id":"https:\/\/energiaindustriacomercio.com\/#website","url":"https:\/\/energiaindustriacomercio.com\/","name":"Energ\u00eda, Industria, Comercio y Miner\u00eda","description":"Con la mejor y actualizada Informaci\u00f3n, directo medio especializado en los sectores Energ\u00e9tico, Industriales, Comercio y Miner\u00eda.","potentialAction":[{"@type":"SearchAction","target":{"@type":"EntryPoint","urlTemplate":"https:\/\/energiaindustriacomercio.com\/?s={search_term_string}"},"query-input":{"@type":"PropertyValueSpecification","valueRequired":true,"valueName":"search_term_string"}}],"inLanguage":"en-US"},{"@type":"Person","@id":"https:\/\/energiaindustriacomercio.com\/#\/schema\/person\/20537348e4a779400f65bacd515f5e98","name":"Redacci\u00f3n Multimedios","image":{"@type":"ImageObject","inLanguage":"en-US","@id":"https:\/\/secure.gravatar.com\/avatar\/875383f62e2dabe9932509449b2ee1c8f286cbf9bec463a638879473cb28dd38?s=96&d=mm&r=g","url":"https:\/\/secure.gravatar.com\/avatar\/875383f62e2dabe9932509449b2ee1c8f286cbf9bec463a638879473cb28dd38?s=96&d=mm&r=g","contentUrl":"https:\/\/secure.gravatar.com\/avatar\/875383f62e2dabe9932509449b2ee1c8f286cbf9bec463a638879473cb28dd38?s=96&d=mm&r=g","caption":"Redacci\u00f3n Multimedios"},"description":"Con unos 40 a\u00f1os de experiencia en el \u00e1mbito de las comunicaciones especializadas, ampliamente relacionado a los sectores de la Construcci\u00f3n y los Bienes Ra\u00edces, organizador de las primeras Expos Nacionales e Internacionales del sector de la construcci\u00f3n, turismo y los Bienes Ra\u00edces en la R.D.","sameAs":["http:\/\/es.gravatar.com\/multimediosdg","https:\/\/x.com\/EMdelosNEGOCIOS"],"url":"https:\/\/energiaindustriacomercio.com\/en\/author\/theballestergroup\/"}]}},"_links":{"self":[{"href":"https:\/\/energiaindustriacomercio.com\/en\/wp-json\/wp\/v2\/posts\/14711","targetHints":{"allow":["GET"]}}],"collection":[{"href":"https:\/\/energiaindustriacomercio.com\/en\/wp-json\/wp\/v2\/posts"}],"about":[{"href":"https:\/\/energiaindustriacomercio.com\/en\/wp-json\/wp\/v2\/types\/post"}],"author":[{"embeddable":true,"href":"https:\/\/energiaindustriacomercio.com\/en\/wp-json\/wp\/v2\/users\/16"}],"replies":[{"embeddable":true,"href":"https:\/\/energiaindustriacomercio.com\/en\/wp-json\/wp\/v2\/comments?post=14711"}],"version-history":[{"count":1,"href":"https:\/\/energiaindustriacomercio.com\/en\/wp-json\/wp\/v2\/posts\/14711\/revisions"}],"predecessor-version":[{"id":14712,"href":"https:\/\/energiaindustriacomercio.com\/en\/wp-json\/wp\/v2\/posts\/14711\/revisions\/14712"}],"wp:attachment":[{"href":"https:\/\/energiaindustriacomercio.com\/en\/wp-json\/wp\/v2\/media?parent=14711"}],"wp:term":[{"taxonomy":"category","embeddable":true,"href":"https:\/\/energiaindustriacomercio.com\/en\/wp-json\/wp\/v2\/categories?post=14711"},{"taxonomy":"post_tag","embeddable":true,"href":"https:\/\/energiaindustriacomercio.com\/en\/wp-json\/wp\/v2\/tags?post=14711"}],"curies":[{"name":"wp","href":"https:\/\/api.w.org\/{rel}","templated":true}]}}